{"id":16771,"date":"2022-02-23T12:02:00","date_gmt":"2022-02-23T12:02:00","guid":{"rendered":"https:\/\/earlyfeednutrition.com\/aim-for-zero-the-right-start-to-a-future-without-medicated-zinc-and-less-antibiotics\/"},"modified":"2026-03-09T10:50:10","modified_gmt":"2026-03-09T09:50:10","slug":"aim-for-zero-the-right-start-to-a-future-without-medicated-zinc-and-less-antibiotics","status":"publish","type":"post","link":"https:\/\/earlyfeednutrition.com\/pl\/news\/aim-for-zero-the-right-start-to-a-future-without-medicated-zinc-and-less-antibiotics\/","title":{"rendered":"Aim For Zero: dobry start. \u017bywienie wolne od tlenku cynku oraz redukcja zu\u017cycia antybiotyk\u00f3w."},"content":{"rendered":"<section class=\"section section--gutenberg section--gutenberg-nomargin wp-block-paragraph\">\n<p>Terapeutyczne dawki tlenku cynku by\u0142y stosowane w paszach leczniczych przez wiele lat jako uzupe\u0142nienie antybiotykoterapii w celu zapobiegania biegunce oko\u0142oodsadzeniowej u prosi\u0105t. Od d\u0142u\u017cszego czasu pojawiaj\u0105 si\u0119 obawy dotycz\u0105ce stosowania antybiotyk\u00f3w w produkcji trzody chlewnej. Z jednej strony, jest to spowodowane wyst\u0119powaniem oporno\u015bci patogen\u00f3w na antybiotyki stosowane u \u015bwi\u0144 i mo\u017cliwo\u015bci\u0105 przeniesienia jej na ludzi, kt\u00f3rzy r\u00f3wnie\u017c stosuj\u0105 antybiotykoterapi\u0119 w leczeniu powa\u017cnych infekcji bakteryjnych. Z drugiej strony ro\u015bnie te\u017c \u015bwiadomo\u015b\u0107 dotycz\u0105ca m.in. ekotoksyczno\u015bci, kt\u00f3re doprowadzi\u0142o do decyzji Komisji Europejskiej o wprowadzeniu zakazu stosowania terapeutycznych dawek tlenku cynku w paszach na terenie ca\u0142ej Unii Europejskiej najp\u00f3\u017aniej do 26 czerwca 2022 roku.<\/p>\n<\/section>\n\n<section class=\"section section--gutenberg section--gutenberg-nomargin wp-block-paragraph\">\n<p><strong>Zbli\u017caj\u0105cy si\u0119 wielkimi krokami zakaz stosowania terapeutycznych dawek tlenku cynku w \u017cywieniu skierowa\u0142 nasze si\u0142y na poszukiwanie rozwi\u0105za\u0144 maj\u0105cych na celu wspieranie zwierz\u0105t w trudnym dla nich okresie jakim jest odsadzenie prosi\u0105t od matki. Skupili\u015bmy si\u0119 na wspieraniu zdrowotno\u015bci i rozwoju jelit oraz propagowania komensalicznej cz\u0119\u015bci mikrobiomu.<\/strong><\/p>\n<\/section>\n\n<section class=\"section section--gutenberg section--gutenberg-nomargin wp-block-paragraph\">\n<p>Marka Earlyfeed jest znana na rynku ze swoich ekonomicznych rozwi\u0105za\u0144 i innowacyjnych koncepcji wspieraj\u0105cych zdrowie jelit, a tym samym ograniczaj\u0105cych stosowanie \u015brodk\u00f3w przeciwdrobnoustrojowych. Jednym z przyk\u0142ad\u00f3w jest produkt Aromabiotic\u00ae, opatentowana specyficzna mieszanka \u015brednio\u0142a\u0144cuchowych kwas\u00f3w t\u0142uszczowych (MCFA). Jeste\u015bmy przekonani, \u017ce kluczem do skutecznego zakazu stosowania cynku leczniczego i ograniczenia stosowania antybiotyk\u00f3w jest podej\u015bcie zintegrowane. Dlatego te\u017c wsp\u00f3lnie z mark\u0105 Agrimprove uruchomili\u015bmy program &#8220;<a href=\"https:\/\/earlyfeednutrition.com\/pl\/what-we-offer\/aim-for-zero\/\">Aim For Zero<\/a>&#8220;. Jest to koncepcja 3 w 1, kt\u00f3ra zawiera kompleksowe doradztwo skupiaj\u0105ce si\u0119 na trzech filarach: zarz\u0105dzaniu, \u017cywieniu i stosowaniu innowacyjnych rozwi\u0105za\u0144.<\/p>\n<\/section>\n\n<section class=\"section section--gutenberg section--gutenberg-nomargin wp-block-heading\">\n<h2 class=\"wp-block-heading\" id=\"dobre-zarzadzanie-na-porodowce-ma-kluczowe-znaczenie\"><span style=\"color: #3A261B\" class=\"text-color\">Dobre zarz\u0105dzanie na porod\u00f3wce ma kluczowe znaczenie<\/span><\/h2>\n<\/section>\n\n<section class=\"section section--gutenberg section--gutenberg-nomargin wp-block-paragraph\">\n<p>Porod\u00f3wka jest wa\u017cnym elementem dla zyskownej i zdrowej produkcji, a tak\u017ce jest punktem wyj\u015bcia dla &#8220;<a href=\"https:\/\/earlyfeednutrition.com\/pl\/what-we-offer\/aim-for-zero\/\">programu Aim-For-Zero<\/a>&#8220;. Bardzo istotne jest dobre zarz\u0105dzanie ferm\u0105, poprawa bezpiecze\u0144stwa biologicznego, optymalizacja szczepie\u0144 i w\u0142a\u015bciwe stosowanie \u015brodk\u00f3w przeciwdrobnoustrojowych.<\/p>\n<\/section>\n\n<section class=\"section section--gutenberg section--gutenberg-nomargin wp-block-paragraph\">\n<p>Niska masa urodzeniowa i niski przyrost dzienny prosi\u0105t prowadz\u0105 do obni\u017cenia przyrostu w p\u00f3\u017aniejszych etapach, co mo\u017ce powodowa\u0107 znaczne straty ekonomiczne. Okresy ssania i odsadzania s\u0105 najbardziej krytyczne dla op\u00f3\u017anienia wzrostu w ci\u0105gu ca\u0142ego \u017cycia \u015bwi\u0144. Odpowiednia ilo\u015b\u0107 siary pobrana przez prosi\u0119ta, wysoka mleczno\u015b\u0107 loch i podawanie prestarter\u00f3w sta\u0142ych na wczesnych etapach \u017cycia prosi\u0105t powoduj\u0105, \u017ce zwierz\u0119ta dobrze wkraczaj\u0105 w kolejne etapy produkcji.<\/p>\n<\/section>\n\n<section class=\"section section--gutenberg section--gutenberg-nomargin wp-block-paragraph\">\n<p>Szybko rozwijaj\u0105ca si\u0119 genetyka w produkcji trzody chlewnej oznacza wi\u0119ksz\u0105 liczebno\u015b\u0107 miot\u00f3w, a w rezultacie prosi\u0119ta maj\u0105 r\u00f3wnie\u017c mniejszy dost\u0119p do siary i mleka; w konsekwencji jelita rozwijaj\u0105 si\u0119 nie tylko gorzej, ale r\u00f3wnie\u017c mniej efektywnie. Dobrze rozwini\u0119te jelito i mikroflora jelitowa s\u0105 niezb\u0119dne dla bezproblemowego odsadzenia i dla zmniejszenia op\u00f3\u017anienia wzrostu. Wida\u0107 to bardzo wyra\u017anie, gdy spojrzymy na wzgl\u0119dn\u0105 \u0142atwo\u015b\u0107 odsadzania 26-dniowych prosi\u0105t w por\u00f3wnaniu z prosi\u0119tami odsadzonymi wcze\u015bniej. Nauczenie prosi\u0105t prawid\u0142owego pobierania paszy w pierwszym tygodniu po urodzeniu jest niezb\u0119dne dla udanego i zdrowego procesu odsadzania. Aktywne wsparcie wszystkich prosi\u0105t przyczyni si\u0119 z jednej strony do rozwoju zdrowego mikrobiomu, a z drugiej zapewni dobrze rozwini\u0119te jelito. Jelito musi by\u0107 w stanie optymalnie wch\u0142ania\u0107 sk\u0142adniki od\u017cywcze i zapobiega\u0107 problemom z patogenn\u0105 mikroflor\u0105 jelitow\u0105 i zdrowiem. Marka Earlyfeed opracowa\u0142a koncepcj\u0119 START+ w celu stymulowania rozwoju jelit prosi\u0105t. Koncepcja ta, oparta na aktywno\u015bci sk\u0142adnik\u00f3w prebiotycznych w siarze i mleku lochy, b\u0119dzie stymulowa\u0107 wczesne dojrzewanie jelit. Dobre zarz\u0105dzanie na porod\u00f3wce przyniesie wi\u0119cej korzy\u015bci ni\u017c kiedykolwiek w produkcji wolnej od ZnO i antybiotyk\u00f3w.<\/p>\n<\/section>\n\n<section class=\"section section--gutenberg section--gutenberg-nomargin wp-block-heading\">\n<h2 class=\"wp-block-heading\" id=\"bezpieczenstwo-przede-wszystkim\"><span style=\"color: #3A261B\" class=\"text-color\">Bezpiecze\u0144stwo przede wszystkim<\/span><\/h2>\n<\/section>\n\n<section class=\"section section--gutenberg section--gutenberg-nomargin wp-block-paragraph\">\n<p>Utrzymanie prosi\u0105t w zdrowiu jest najwa\u017cniejsze i na tym w\u0142a\u015bnie skupia si\u0119 program &#8220;<a href=\"https:\/\/earlyfeednutrition.com\/pl\/what-we-offer\/aim-for-zero\/\">Aim-For-Zero<\/a>&#8220;. Pytania, kt\u00f3re nale\u017cy zada\u0107 to: Jakie czynniki mo\u017cemy zmieni\u0107? Jaka genetyka utrzymywana jest na gospodarstwie? Jaki jest status zdrowotny zwierz\u0105t na fermie? Czy mo\u017cna poprawi\u0107 jako\u015b\u0107 wody pitnej i warunki \u015brodowiskowe? Jak utrzymywane s\u0105 prosi\u0119ta po odsadzeniu i jak mo\u017cemy zmniejszy\u0107 ilo\u015b\u0107 czynnik\u00f3w stresogennych? Wa\u017cne jest, aby spojrze\u0107 szerzej. Chodzi o wspieranie zdrowej mikroflory jelitowej i utrzymanie funkcji bariery jelitowej.<\/p>\n<\/section>\n\n<section class=\"section section--gutenberg section--gutenberg-nomargin wp-block-paragraph\">\n<p>Zapewnienie dobrze zbilansowanej paszy podawanej przed odsadzeniem ma za zadanie przeprowadzi\u0107 trening enzymatyczny i prowadzi do lepszej adaptacji przewodu pokarmowego do sta\u0142ej paszy po odsadzeniu. W ten spos\u00f3b stymulowana jest produkcja kwasu w \u017co\u0142\u0105dku, wp\u0142ywaj\u0105c na lepsze trawienie bia\u0142ka i prawid\u0142owy rozw\u00f3j jelit. Skutkuje to mniejszym ryzykiem wyst\u0105pienia biegunki i lepsz\u0105 wydajno\u015bci\u0105.<\/p>\n<\/section>\n\n<section class=\"section section--gutenberg section--gutenberg-nomargin wp-block-paragraph\">\n<p>W odpowiedzi na wyzwania zwi\u0105zana z odsadzeniem prosi\u0105t od lochy oferujemy rozwi\u0105zanie \u017cywieniowe, kt\u00f3re opr\u00f3cz naszych porad \u017cywieniowych koncentruje si\u0119 na bezpiecznym starcie prosi\u0105t. Aby to osi\u0105gn\u0105\u0107, z jednej strony, zwracamy uwag\u0119 na wykorzystanie r\u00f3\u017cnych \u017ar\u00f3de\u0142 w\u0142\u00f3kna pokarmowego ulegaj\u0105cego i nie ulegaj\u0105cego fermentacji, sprawdzenie zdolno\u015bci wi\u0105zania kwas\u00f3w, wykorzystanie specyficznych \u017ar\u00f3de\u0142 energii dla mikroflory jelitowej i kosmyk\u00f3w jelitowych oraz zwracamy uwag\u0119 na strawno\u015b\u0107 bia\u0142ka. Z drugiej strony, koncepcja obejmuje r\u00f3wnie\u017c innowacyjne rozwi\u0105zanie Vitazero. Dodatek ten \u0142\u0105czy w sobie antybakteryjne dzia\u0142anie MCFAs, sprawdzone dzia\u0142anie antyoksydacyjne polifenoli ro\u015blinnych oraz dzia\u0142anie wi\u0105\u017c\u0105ce patogeny dzi\u0119ki specjalnie dobranym w\u0142\u00f3knie funkcjonalnym. Jednocze\u015bnie nadal stymulujemy pob\u00f3r paszy, kt\u00f3ry jest niezb\u0119dny do zapewnienia bezpiecze\u0144stwa. W tym celu stosujemy smaczne i lekkostrawne surowce, takie jak ekstrudowane ziarna.<\/p>\n<\/section>\n\n<section class=\"section section--gutenberg section--gutenberg-nomargin wp-block-heading\">\n<h2 class=\"wp-block-heading\" id=\"z-niecierpliwoscia-czekamy-na-czerwiec-2022-roku\"><span style=\"color: #3A261B\" class=\"text-color\">Z niecierpliwo\u015bci\u0105 czekamy na czerwiec 2022 roku!<\/span><\/h2>\n<\/section>\n\n<section class=\"section section--gutenberg section--gutenberg-nomargin wp-block-paragraph\">\n<p>Obecnie, oko\u0142o 3 lata po oficjalnej premierze, wyniki terenowe pokazuj\u0105, \u017ce odsadzenie prosi\u0105t od lochy bez leczniczego tlenku cynku i antybiotyk\u00f3w jest jak najbardziej mo\u017cliwe, pod warunkiem, \u017ce wszystkie aspekty s\u0105 prawid\u0142owo zarz\u0105dzane. Dzi\u0119ki Earlyfeed mo\u017cna ju\u017c teraz wyprzedzi\u0107 zaostrzone przepisy UE, kt\u00f3re zaczn\u0105 obowi\u0105zywa\u0107 od czerwca 2022 roku. Dzi\u0119ki rozs\u0105dnemu zarz\u0105dzaniu i zastosowaniu odpowiednich rozwi\u0105za\u0144 \u017cywieniowych, takich jak Vitazero, nie trzeba i\u015b\u0107 na kompromis w zakresie wydajno\u015bci zwi\u0105zanych z ni\u0105 wynik\u00f3w ekonomicznych.<\/p>\n<\/section>\n\n\n<section id=\"agri-contact-tile-block_536ff8e717c7172776daf13017427666\" class=\"section section--gutenberg agri-contact-tile\">\n    <div class=\"container\">\n        <div class=\"columns\">\n            <div class=\"column is-full is-8-tablet is-offset-2-tablet is-6-desktop is-offset-3-desktop is-4-widescreen is-offset-4-widescreen\">\n                <div class=\"block block--localcontact\">\n                    <div class=\"content\">\n                        <div class=\"note\">Tw\u00f3j ekspert Earlyfeed<\/div>\n                        <div class=\"name\">Eduardo  Ichikawa<\/div>\n                        <div class=\"function\">Gerente Tecnico e de Inova\u00e7\u00f5es<\/div>\n                    <\/div>\n\n                    <div class=\"button--wrapper\">\n                        <a href=\"mailto:e.ichikawa@agrifirm.com\" class=\"button button--primary button--primary--brown\">Skontaktuj si\u0119<\/a>\n                    <\/div>\n\n                    <div class=\"description\">\n                        <p>Ten kontakt zosta\u0142 zasugerowany na podstawie lokalizacji, z kt\u00f3rej przegl\u0105dasz. <a href=\"https:\/\/earlyfeednutrition.com\/pl\/contact-pl\/\"><span class=\"s1\">Tutaj<\/span><\/a>\u00a0mo\u017cesz oczywi\u015bcie sprawdzi\u0107 r\u00f3wnie\u017c inne nasze kontakty i lokalizacje.<\/p>\n                    <\/div>\n                <\/div>\n            <\/div>\n        <\/div>\n    <\/div>\n<\/section>","protected":false},"excerpt":{"rendered":"<p>Wysokie st\u0119\u017cenia tlenku cynku by\u0142y stosowane w \u017cywieniu zwierz\u0105t przez wiele lat jako mile widziane uzupe\u0142nienie antybiotyk\u00f3w w celu zapobiegania biegunce oko\u0142oodsadzeniowej u prosi\u0105t. Ostatnio jednak coraz cz\u0119\u015bciej pojawiaj\u0105 si\u0119 obawy dotycz\u0105ce stosowania antybiotyk\u00f3w w produkcji trzody chlewnej. Z jednej strony, jest to spowodowane wyst\u0119powaniem oporno\u015bci patogen\u00f3w na antybiotyki \u00a0u \u015bwi\u0144 i mo\u017cliwo\u015bci\u0105 przeniesienia jej na ludzi, kt\u00f3rzy r\u00f3wnie\u017c stosuj\u0105 antybiotykoterapi\u0119 w leczeniu powa\u017cnych infekcji bakteryjnych. Z drugiej strony ro\u015bnie te\u017c \u015bwiadomo\u015b\u0107 dotycz\u0105ca m.in. ekotoksyczno\u015bci, kt\u00f3re doprowadzi\u0142o do decyzji Komisji Europejskiej o wprowadzeniu zakazu stosowania terapeutycznych dawek tlenku cynku w paszach na terenie ca\u0142ej Unii Europejskiej najp\u00f3\u017aniej do 26 czerwca 2022 roku.<\/p>\n","protected":false},"author":7,"featured_media":13611,"comment_status":"open","ping_status":"open","sticky":false,"template":"","format":"standard","meta":{"_acf_changed":false,"footnotes":""},"categories":[422],"tags":[],"sector":[430],"class_list":["post-16771","post","type-post","status-publish","format-standard","has-post-thumbnail","hentry","category-bez-kategorii","sector-swine-pl"],"acf":[],"yoast_head":"<!-- This site is optimized with the Yoast SEO plugin v27.0 - https:\/\/yoast.com\/product\/yoast-seo-wordpress\/ -->\n<title>Aim for Zero: W\u0142a\u015bciwy start do przysz\u0142o\u015bci bez tlenku cynku<\/title>\n<meta name=\"description\" content=\"Poznaj koncepcj\u0119 Aim for Zero wspieraj\u0105c\u0105 zdrowie prosi\u0105t w przysz\u0142o\u015bci bez medycznego tlenku cynku i przy ograniczeniu antybiotyk\u00f3w.\" \/>\n<meta name=\"robots\" content=\"index, follow, max-snippet:-1, max-image-preview:large, max-video-preview:-1\" \/>\n<link rel=\"canonical\" href=\"https:\/\/earlyfeednutrition.com\/pl\/news\/aim-for-zero-the-right-start-to-a-future-without-medicated-zinc-and-less-antibiotics\/\" \/>\n<meta property=\"og:locale\" content=\"pl_PL\" \/>\n<meta property=\"og:type\" content=\"article\" \/>\n<meta property=\"og:title\" content=\"Aim for Zero: W\u0142a\u015bciwy start do przysz\u0142o\u015bci bez tlenku cynku\" \/>\n<meta property=\"og:description\" content=\"Poznaj koncepcj\u0119 Aim for Zero wspieraj\u0105c\u0105 zdrowie prosi\u0105t w przysz\u0142o\u015bci bez medycznego tlenku cynku i przy ograniczeniu antybiotyk\u00f3w.\" \/>\n<meta property=\"og:url\" content=\"https:\/\/earlyfeednutrition.com\/pl\/news\/aim-for-zero-the-right-start-to-a-future-without-medicated-zinc-and-less-antibiotics\/\" \/>\n<meta property=\"og:site_name\" content=\"Earlyfeed\" \/>\n<meta property=\"article:published_time\" content=\"2022-02-23T12:02:00+00:00\" \/>\n<meta property=\"article:modified_time\" content=\"2026-03-09T09:50:10+00:00\" \/>\n<meta property=\"og:image\" content=\"https:\/\/earlyfeed.kinsta.cloud\/app\/uploads\/2020\/12\/Agrifirm20201105-2482.jpg\" \/>\n\t<meta property=\"og:image:width\" content=\"2500\" \/>\n\t<meta property=\"og:image:height\" content=\"1666\" \/>\n\t<meta property=\"og:image:type\" content=\"image\/jpeg\" \/>\n<meta name=\"author\" content=\"Sofie Mattheeuws\" \/>\n<meta name=\"twitter:card\" content=\"summary_large_image\" \/>\n<meta name=\"twitter:label1\" content=\"Written by\" \/>\n\t<meta name=\"twitter:data1\" content=\"Sofie Mattheeuws\" \/>\n\t<meta name=\"twitter:label2\" content=\"Est. reading time\" \/>\n\t<meta name=\"twitter:data2\" content=\"4 minutes\" \/>\n<script type=\"application\/ld+json\" class=\"yoast-schema-graph\">{\"@context\":\"https:\/\/schema.org\",\"@graph\":[{\"@type\":\"Article\",\"@id\":\"https:\/\/earlyfeednutrition.com\/pl\/news\/aim-for-zero-the-right-start-to-a-future-without-medicated-zinc-and-less-antibiotics\/#article\",\"isPartOf\":{\"@id\":\"https:\/\/earlyfeednutrition.com\/pl\/news\/aim-for-zero-the-right-start-to-a-future-without-medicated-zinc-and-less-antibiotics\/\"},\"author\":{\"name\":\"Sofie Mattheeuws\",\"@id\":\"https:\/\/earlyfeednutrition.com\/pl\/#\/schema\/person\/e496f05e96cf6f20edc241ec92318792\"},\"headline\":\"Aim For Zero: dobry start. \u017bywienie wolne od tlenku cynku oraz redukcja zu\u017cycia antybiotyk\u00f3w.\",\"datePublished\":\"2022-02-23T12:02:00+00:00\",\"dateModified\":\"2026-03-09T09:50:10+00:00\",\"mainEntityOfPage\":{\"@id\":\"https:\/\/earlyfeednutrition.com\/pl\/news\/aim-for-zero-the-right-start-to-a-future-without-medicated-zinc-and-less-antibiotics\/\"},\"wordCount\":1025,\"commentCount\":0,\"image\":{\"@id\":\"https:\/\/earlyfeednutrition.com\/pl\/news\/aim-for-zero-the-right-start-to-a-future-without-medicated-zinc-and-less-antibiotics\/#primaryimage\"},\"thumbnailUrl\":\"https:\/\/earlyfeednutrition.com\/app\/uploads\/2020\/12\/Agrifirm20201105-2482.jpg\",\"articleSection\":[\"Bez kategorii\"],\"inLanguage\":\"pl-PL\",\"potentialAction\":[{\"@type\":\"CommentAction\",\"name\":\"Comment\",\"target\":[\"https:\/\/earlyfeednutrition.com\/pl\/news\/aim-for-zero-the-right-start-to-a-future-without-medicated-zinc-and-less-antibiotics\/#respond\"]}]},{\"@type\":\"WebPage\",\"@id\":\"https:\/\/earlyfeednutrition.com\/pl\/news\/aim-for-zero-the-right-start-to-a-future-without-medicated-zinc-and-less-antibiotics\/\",\"url\":\"https:\/\/earlyfeednutrition.com\/pl\/news\/aim-for-zero-the-right-start-to-a-future-without-medicated-zinc-and-less-antibiotics\/\",\"name\":\"Aim for Zero: W\u0142a\u015bciwy start do przysz\u0142o\u015bci bez tlenku cynku\",\"isPartOf\":{\"@id\":\"https:\/\/earlyfeednutrition.com\/pl\/#website\"},\"primaryImageOfPage\":{\"@id\":\"https:\/\/earlyfeednutrition.com\/pl\/news\/aim-for-zero-the-right-start-to-a-future-without-medicated-zinc-and-less-antibiotics\/#primaryimage\"},\"image\":{\"@id\":\"https:\/\/earlyfeednutrition.com\/pl\/news\/aim-for-zero-the-right-start-to-a-future-without-medicated-zinc-and-less-antibiotics\/#primaryimage\"},\"thumbnailUrl\":\"https:\/\/earlyfeednutrition.com\/app\/uploads\/2020\/12\/Agrifirm20201105-2482.jpg\",\"datePublished\":\"2022-02-23T12:02:00+00:00\",\"dateModified\":\"2026-03-09T09:50:10+00:00\",\"author\":{\"@id\":\"https:\/\/earlyfeednutrition.com\/pl\/#\/schema\/person\/e496f05e96cf6f20edc241ec92318792\"},\"description\":\"Poznaj koncepcj\u0119 Aim for Zero wspieraj\u0105c\u0105 zdrowie prosi\u0105t w przysz\u0142o\u015bci bez medycznego tlenku cynku i przy ograniczeniu antybiotyk\u00f3w.\",\"breadcrumb\":{\"@id\":\"https:\/\/earlyfeednutrition.com\/pl\/news\/aim-for-zero-the-right-start-to-a-future-without-medicated-zinc-and-less-antibiotics\/#breadcrumb\"},\"inLanguage\":\"pl-PL\",\"potentialAction\":[{\"@type\":\"ReadAction\",\"target\":[\"https:\/\/earlyfeednutrition.com\/pl\/news\/aim-for-zero-the-right-start-to-a-future-without-medicated-zinc-and-less-antibiotics\/\"]}]},{\"@type\":\"ImageObject\",\"inLanguage\":\"pl-PL\",\"@id\":\"https:\/\/earlyfeednutrition.com\/pl\/news\/aim-for-zero-the-right-start-to-a-future-without-medicated-zinc-and-less-antibiotics\/#primaryimage\",\"url\":\"https:\/\/earlyfeednutrition.com\/app\/uploads\/2020\/12\/Agrifirm20201105-2482.jpg\",\"contentUrl\":\"https:\/\/earlyfeednutrition.com\/app\/uploads\/2020\/12\/Agrifirm20201105-2482.jpg\",\"width\":2500,\"height\":1666},{\"@type\":\"BreadcrumbList\",\"@id\":\"https:\/\/earlyfeednutrition.com\/pl\/news\/aim-for-zero-the-right-start-to-a-future-without-medicated-zinc-and-less-antibiotics\/#breadcrumb\",\"itemListElement\":[{\"@type\":\"ListItem\",\"position\":1,\"name\":\"Strona g\u0142\u00f3wna\",\"item\":\"https:\/\/www.earlyfeednutrition.com\/pl\/\"},{\"@type\":\"ListItem\",\"position\":2,\"name\":\"Aim For Zero: dobry start. \u017bywienie wolne od tlenku cynku oraz redukcja zu\u017cycia antybiotyk\u00f3w.\"}]},{\"@type\":\"WebSite\",\"@id\":\"https:\/\/earlyfeednutrition.com\/pl\/#website\",\"url\":\"https:\/\/earlyfeednutrition.com\/pl\/\",\"name\":\"Earlyfeed\",\"description\":\"Right from the start\",\"potentialAction\":[{\"@type\":\"SearchAction\",\"target\":{\"@type\":\"EntryPoint\",\"urlTemplate\":\"https:\/\/earlyfeednutrition.com\/pl\/?s={search_term_string}\"},\"query-input\":{\"@type\":\"PropertyValueSpecification\",\"valueRequired\":true,\"valueName\":\"search_term_string\"}}],\"inLanguage\":\"pl-PL\"},{\"@type\":\"Person\",\"@id\":\"https:\/\/earlyfeednutrition.com\/pl\/#\/schema\/person\/e496f05e96cf6f20edc241ec92318792\",\"name\":\"Sofie Mattheeuws\",\"image\":{\"@type\":\"ImageObject\",\"inLanguage\":\"pl-PL\",\"@id\":\"https:\/\/earlyfeednutrition.com\/pl\/#\/schema\/person\/image\/\",\"url\":\"https:\/\/secure.gravatar.com\/avatar\/bcb20de694e79b4b3605aada44bec770d282e310a4382c7cdffaf21116feae1c?s=96&d=mm&r=g\",\"contentUrl\":\"https:\/\/secure.gravatar.com\/avatar\/bcb20de694e79b4b3605aada44bec770d282e310a4382c7cdffaf21116feae1c?s=96&d=mm&r=g\",\"caption\":\"Sofie Mattheeuws\"},\"sameAs\":[\"https:\/\/earlyfeednutrition.com\"],\"url\":\"https:\/\/earlyfeednutrition.com\/pl\/author\/sofie\/\"}]}<\/script>\n<!-- \/ Yoast SEO plugin. -->","yoast_head_json":{"title":"Aim for Zero: W\u0142a\u015bciwy start do przysz\u0142o\u015bci bez tlenku cynku","description":"Poznaj koncepcj\u0119 Aim for Zero wspieraj\u0105c\u0105 zdrowie prosi\u0105t w przysz\u0142o\u015bci bez medycznego tlenku cynku i przy ograniczeniu antybiotyk\u00f3w.","robots":{"index":"index","follow":"follow","max-snippet":"max-snippet:-1","max-image-preview":"max-image-preview:large","max-video-preview":"max-video-preview:-1"},"canonical":"https:\/\/earlyfeednutrition.com\/pl\/news\/aim-for-zero-the-right-start-to-a-future-without-medicated-zinc-and-less-antibiotics\/","og_locale":"pl_PL","og_type":"article","og_title":"Aim for Zero: W\u0142a\u015bciwy start do przysz\u0142o\u015bci bez tlenku cynku","og_description":"Poznaj koncepcj\u0119 Aim for Zero wspieraj\u0105c\u0105 zdrowie prosi\u0105t w przysz\u0142o\u015bci bez medycznego tlenku cynku i przy ograniczeniu antybiotyk\u00f3w.","og_url":"https:\/\/earlyfeednutrition.com\/pl\/news\/aim-for-zero-the-right-start-to-a-future-without-medicated-zinc-and-less-antibiotics\/","og_site_name":"Earlyfeed","article_published_time":"2022-02-23T12:02:00+00:00","article_modified_time":"2026-03-09T09:50:10+00:00","og_image":[{"width":2500,"height":1666,"url":"https:\/\/earlyfeed.kinsta.cloud\/app\/uploads\/2020\/12\/Agrifirm20201105-2482.jpg","type":"image\/jpeg"}],"author":"Sofie Mattheeuws","twitter_card":"summary_large_image","twitter_misc":{"Written by":"Sofie Mattheeuws","Est. reading time":"4 minutes"},"schema":{"@context":"https:\/\/schema.org","@graph":[{"@type":"Article","@id":"https:\/\/earlyfeednutrition.com\/pl\/news\/aim-for-zero-the-right-start-to-a-future-without-medicated-zinc-and-less-antibiotics\/#article","isPartOf":{"@id":"https:\/\/earlyfeednutrition.com\/pl\/news\/aim-for-zero-the-right-start-to-a-future-without-medicated-zinc-and-less-antibiotics\/"},"author":{"name":"Sofie Mattheeuws","@id":"https:\/\/earlyfeednutrition.com\/pl\/#\/schema\/person\/e496f05e96cf6f20edc241ec92318792"},"headline":"Aim For Zero: dobry start. \u017bywienie wolne od tlenku cynku oraz redukcja zu\u017cycia antybiotyk\u00f3w.","datePublished":"2022-02-23T12:02:00+00:00","dateModified":"2026-03-09T09:50:10+00:00","mainEntityOfPage":{"@id":"https:\/\/earlyfeednutrition.com\/pl\/news\/aim-for-zero-the-right-start-to-a-future-without-medicated-zinc-and-less-antibiotics\/"},"wordCount":1025,"commentCount":0,"image":{"@id":"https:\/\/earlyfeednutrition.com\/pl\/news\/aim-for-zero-the-right-start-to-a-future-without-medicated-zinc-and-less-antibiotics\/#primaryimage"},"thumbnailUrl":"https:\/\/earlyfeednutrition.com\/app\/uploads\/2020\/12\/Agrifirm20201105-2482.jpg","articleSection":["Bez kategorii"],"inLanguage":"pl-PL","potentialAction":[{"@type":"CommentAction","name":"Comment","target":["https:\/\/earlyfeednutrition.com\/pl\/news\/aim-for-zero-the-right-start-to-a-future-without-medicated-zinc-and-less-antibiotics\/#respond"]}]},{"@type":"WebPage","@id":"https:\/\/earlyfeednutrition.com\/pl\/news\/aim-for-zero-the-right-start-to-a-future-without-medicated-zinc-and-less-antibiotics\/","url":"https:\/\/earlyfeednutrition.com\/pl\/news\/aim-for-zero-the-right-start-to-a-future-without-medicated-zinc-and-less-antibiotics\/","name":"Aim for Zero: W\u0142a\u015bciwy start do przysz\u0142o\u015bci bez tlenku cynku","isPartOf":{"@id":"https:\/\/earlyfeednutrition.com\/pl\/#website"},"primaryImageOfPage":{"@id":"https:\/\/earlyfeednutrition.com\/pl\/news\/aim-for-zero-the-right-start-to-a-future-without-medicated-zinc-and-less-antibiotics\/#primaryimage"},"image":{"@id":"https:\/\/earlyfeednutrition.com\/pl\/news\/aim-for-zero-the-right-start-to-a-future-without-medicated-zinc-and-less-antibiotics\/#primaryimage"},"thumbnailUrl":"https:\/\/earlyfeednutrition.com\/app\/uploads\/2020\/12\/Agrifirm20201105-2482.jpg","datePublished":"2022-02-23T12:02:00+00:00","dateModified":"2026-03-09T09:50:10+00:00","author":{"@id":"https:\/\/earlyfeednutrition.com\/pl\/#\/schema\/person\/e496f05e96cf6f20edc241ec92318792"},"description":"Poznaj koncepcj\u0119 Aim for Zero wspieraj\u0105c\u0105 zdrowie prosi\u0105t w przysz\u0142o\u015bci bez medycznego tlenku cynku i przy ograniczeniu antybiotyk\u00f3w.","breadcrumb":{"@id":"https:\/\/earlyfeednutrition.com\/pl\/news\/aim-for-zero-the-right-start-to-a-future-without-medicated-zinc-and-less-antibiotics\/#breadcrumb"},"inLanguage":"pl-PL","potentialAction":[{"@type":"ReadAction","target":["https:\/\/earlyfeednutrition.com\/pl\/news\/aim-for-zero-the-right-start-to-a-future-without-medicated-zinc-and-less-antibiotics\/"]}]},{"@type":"ImageObject","inLanguage":"pl-PL","@id":"https:\/\/earlyfeednutrition.com\/pl\/news\/aim-for-zero-the-right-start-to-a-future-without-medicated-zinc-and-less-antibiotics\/#primaryimage","url":"https:\/\/earlyfeednutrition.com\/app\/uploads\/2020\/12\/Agrifirm20201105-2482.jpg","contentUrl":"https:\/\/earlyfeednutrition.com\/app\/uploads\/2020\/12\/Agrifirm20201105-2482.jpg","width":2500,"height":1666},{"@type":"BreadcrumbList","@id":"https:\/\/earlyfeednutrition.com\/pl\/news\/aim-for-zero-the-right-start-to-a-future-without-medicated-zinc-and-less-antibiotics\/#breadcrumb","itemListElement":[{"@type":"ListItem","position":1,"name":"Strona g\u0142\u00f3wna","item":"https:\/\/www.earlyfeednutrition.com\/pl\/"},{"@type":"ListItem","position":2,"name":"Aim For Zero: dobry start. \u017bywienie wolne od tlenku cynku oraz redukcja zu\u017cycia antybiotyk\u00f3w."}]},{"@type":"WebSite","@id":"https:\/\/earlyfeednutrition.com\/pl\/#website","url":"https:\/\/earlyfeednutrition.com\/pl\/","name":"Earlyfeed","description":"Right from the start","potentialAction":[{"@type":"SearchAction","target":{"@type":"EntryPoint","urlTemplate":"https:\/\/earlyfeednutrition.com\/pl\/?s={search_term_string}"},"query-input":{"@type":"PropertyValueSpecification","valueRequired":true,"valueName":"search_term_string"}}],"inLanguage":"pl-PL"},{"@type":"Person","@id":"https:\/\/earlyfeednutrition.com\/pl\/#\/schema\/person\/e496f05e96cf6f20edc241ec92318792","name":"Sofie Mattheeuws","image":{"@type":"ImageObject","inLanguage":"pl-PL","@id":"https:\/\/earlyfeednutrition.com\/pl\/#\/schema\/person\/image\/","url":"https:\/\/secure.gravatar.com\/avatar\/bcb20de694e79b4b3605aada44bec770d282e310a4382c7cdffaf21116feae1c?s=96&d=mm&r=g","contentUrl":"https:\/\/secure.gravatar.com\/avatar\/bcb20de694e79b4b3605aada44bec770d282e310a4382c7cdffaf21116feae1c?s=96&d=mm&r=g","caption":"Sofie Mattheeuws"},"sameAs":["https:\/\/earlyfeednutrition.com"],"url":"https:\/\/earlyfeednutrition.com\/pl\/author\/sofie\/"}]}},"_links":{"self":[{"href":"https:\/\/earlyfeednutrition.com\/pl\/wp-json\/wp\/v2\/posts\/16771","targetHints":{"allow":["GET"]}}],"collection":[{"href":"https:\/\/earlyfeednutrition.com\/pl\/wp-json\/wp\/v2\/posts"}],"about":[{"href":"https:\/\/earlyfeednutrition.com\/pl\/wp-json\/wp\/v2\/types\/post"}],"author":[{"embeddable":true,"href":"https:\/\/earlyfeednutrition.com\/pl\/wp-json\/wp\/v2\/users\/7"}],"replies":[{"embeddable":true,"href":"https:\/\/earlyfeednutrition.com\/pl\/wp-json\/wp\/v2\/comments?post=16771"}],"version-history":[{"count":7,"href":"https:\/\/earlyfeednutrition.com\/pl\/wp-json\/wp\/v2\/posts\/16771\/revisions"}],"predecessor-version":[{"id":29287,"href":"https:\/\/earlyfeednutrition.com\/pl\/wp-json\/wp\/v2\/posts\/16771\/revisions\/29287"}],"wp:featuredmedia":[{"embeddable":true,"href":"https:\/\/earlyfeednutrition.com\/pl\/wp-json\/wp\/v2\/media\/13611"}],"wp:attachment":[{"href":"https:\/\/earlyfeednutrition.com\/pl\/wp-json\/wp\/v2\/media?parent=16771"}],"wp:term":[{"taxonomy":"category","embeddable":true,"href":"https:\/\/earlyfeednutrition.com\/pl\/wp-json\/wp\/v2\/categories?post=16771"},{"taxonomy":"post_tag","embeddable":true,"href":"https:\/\/earlyfeednutrition.com\/pl\/wp-json\/wp\/v2\/tags?post=16771"},{"taxonomy":"sector","embeddable":true,"href":"https:\/\/earlyfeednutrition.com\/pl\/wp-json\/wp\/v2\/sector?post=16771"}],"curies":[{"name":"wp","href":"https:\/\/api.w.org\/{rel}","templated":true}]}}